{"id":283,"date":"2022-02-13T15:00:43","date_gmt":"2022-02-13T15:00:43","guid":{"rendered":"http:\/\/xn--schule-schtzt-schpfung-bic0l.de\/?p=283"},"modified":"2022-02-13T15:00:43","modified_gmt":"2022-02-13T15:00:43","slug":"wir-haben-es-geschafft-das-mgj-darf-sich-jetzt-fairtrade-school-nennen","status":"publish","type":"post","link":"http:\/\/xn--schule-schtzt-schpfung-bic0l.de\/?p=283","title":{"rendered":"Wir haben es geschafft! Das MGJ darf sich jetzt\u00a0Fairtrade-School\u00a0nennen!"},"content":{"rendered":"\n<p>Nachdem uns am 26.01.22 der Titel \u201eFairtrade-School\u201c verliehen wurde, fand am 02.02.2022 eine kleine Feierstunde zu Ehren unserer AG (die aus 2 M\u00fcttern und ca. 20 Sch\u00fclerinnen der Jahrgangsstufen 7 und 8 besteht) im PZ statt.<br>Wir hatten viele tolle G\u00e4ste wie unsere Schulleitung, Frau Dr. Fuchs vom Schultr\u00e4ger, die Schulpflegschaft, die Landtagsabgeordnete Patricia Peill, die Vertreterin der Stadt J\u00fclich Frau Reichenbach, Frau Hensel von der Sekundarschule und viele weitere Lehrerinnen und Lehrer des MGJ.<br>Das Wichtige ist, dass jeder unserer G\u00e4ste uns auf unserem Weg unterst\u00fctzt hat und\/oder weiterhin unterst\u00fctzt.<\/p>\n\n\n\n<p>W\u00e4hrend der Feierstunde wurde uns virtuell mit einer Videobotschaft die offizielle Urkunde von Fairtrade-Deutschland \u00fcberreicht. Wir haben in der Videobotschaft, aber auch von unseren Besuchern, super tolles Feedback zu unseren Aktionen bekommen und uns durch all die Reden sehr geehrt gef\u00fchlt!<br>Aufgrund von Corona fand die Feier leider nur in einem kleinen Kreis statt, aber trotzdem hatten wir gemeinsam einen unvergesslich sch\u00f6nen Nachmittag mit Fairtrade Orangensaft und Schoko-Crossies mit Fairtrade-Schokolade (nachhaltig hergestellt aus \u00fcbriggebliebenen Nikol\u00e4usen ;))!.<br>Wir freuen uns auf weitere Aktionen und Erlebnisse mit unserer AG!<br><\/p>\n\n\n\n<p>Liebe Gr\u00fc\u00dfe von der Nachhaltigkeits- und Fairtrade AG des MGJ<\/p>\n","protected":false},"excerpt":{"rendered":"<p>Nachdem uns am 26.01.22 der Titel \u201eFairtrade-School\u201c verliehen wurde, fand am 02.02.2022 eine kleine Feierstunde zu Ehren unserer AG (die aus 2 M\u00fcttern und ca. 20 Sch\u00fclerinnen der Jahrgangsstufen 7 und 8 besteht) im PZ statt.Wir hatten viele tolle G\u00e4ste wie unsere Schulleitung, Frau Dr. Fuchs vom Schultr\u00e4ger, die Schulpflegschaft, die Landtagsabgeordnete Patricia Peill, die [&hellip;]<\/p>\n","protected":false},"author":1,"featured_media":285,"comment_status":"open","ping_status":"open","sticky":false,"template":"","format":"standard","meta":{"footnotes":""},"categories":[1],"tags":[],"class_list":["post-283","post","type-post","status-publish","format-standard","has-post-thumbnail","hentry","category-uncategorized"],"_links":{"self":[{"href":"http:\/\/xn--schule-schtzt-schpfung-bic0l.de\/index.php?rest_route=\/wp\/v2\/posts\/283","targetHints":{"allow":["GET"]}}],"collection":[{"href":"http:\/\/xn--schule-schtzt-schpfung-bic0l.de\/index.php?rest_route=\/wp\/v2\/posts"}],"about":[{"href":"http:\/\/xn--schule-schtzt-schpfung-bic0l.de\/index.php?rest_route=\/wp\/v2\/types\/post"}],"author":[{"embeddable":true,"href":"http:\/\/xn--schule-schtzt-schpfung-bic0l.de\/index.php?rest_route=\/wp\/v2\/users\/1"}],"replies":[{"embeddable":true,"href":"http:\/\/xn--schule-schtzt-schpfung-bic0l.de\/index.php?rest_route=%2Fwp%2Fv2%2Fcomments&post=283"}],"version-history":[{"count":1,"href":"http:\/\/xn--schule-schtzt-schpfung-bic0l.de\/index.php?rest_route=\/wp\/v2\/posts\/283\/revisions"}],"predecessor-version":[{"id":286,"href":"http:\/\/xn--schule-schtzt-schpfung-bic0l.de\/index.php?rest_route=\/wp\/v2\/posts\/283\/revisions\/286"}],"wp:featuredmedia":[{"embeddable":true,"href":"http:\/\/xn--schule-schtzt-schpfung-bic0l.de\/index.php?rest_route=\/wp\/v2\/media\/285"}],"wp:attachment":[{"href":"http:\/\/xn--schule-schtzt-schpfung-bic0l.de\/index.php?rest_route=%2Fwp%2Fv2%2Fmedia&parent=283"}],"wp:term":[{"taxonomy":"category","embeddable":true,"href":"http:\/\/xn--schule-schtzt-schpfung-bic0l.de\/index.php?rest_route=%2Fwp%2Fv2%2Fcategories&post=283"},{"taxonomy":"post_tag","embeddable":true,"href":"http:\/\/xn--schule-schtzt-schpfung-bic0l.de\/index.php?rest_route=%2Fwp%2Fv2%2Ftags&post=283"}],"curies":[{"name":"wp","href":"https:\/\/api.w.org\/{rel}","templated":true}]}}