{"id":273,"date":"2021-12-08T20:25:04","date_gmt":"2021-12-08T20:25:04","guid":{"rendered":"http:\/\/xn--schule-schtzt-schpfung-bic0l.de\/?p=273"},"modified":"2021-12-08T20:25:04","modified_gmt":"2021-12-08T20:25:04","slug":"buecherflohmarkt-am-mgj","status":"publish","type":"post","link":"http:\/\/xn--schule-schtzt-schpfung-bic0l.de\/?p=273","title":{"rendered":"B\u00fccherflohmarkt am MGJ"},"content":{"rendered":"\n<p>Im Sinne der Nachhaltigkeit fand am 2.10.2021 der erste B\u00fccherflohmarkt vor dem Haupteingang des MGJ statt.<\/p>\n\n\n\n<p>Neben Sch\u00fclerinnen und deren Eltern verkauften auch viele andere TeilnehmerInnen aus J\u00fclich und Umgebung ihre gut erhaltenen B\u00fccher aller m\u00f6glichen Genres.<\/p>\n\n\n\n<p>Neben den B\u00fccher-Verkaufstischen gab es ein weiteres buntes Angebot:<\/p>\n\n\n\n<ul class=\"wp-block-list\"><li>Kaffee-Verkauf durch unsere Fairtrade-AG<\/li><li>Kuchen-Verkauf durch unseren Q2-Jahrgang<\/li><li>Verkaufsstand der Garten-AG<\/li><li>Verkaufsstand von Fairtrade-Schulmaterialien (Eine-Welt-Laden,&nbsp;&nbsp;&nbsp;&nbsp;Mariadorf)<\/li><\/ul>\n\n\n\n<p>Am Ende waren sich BesucherInnen und Verk\u00e4uferInnen einig. Bei trockenem Wetter hat diese Aktion viel Spa\u00df gemacht und sollte auch im Hinblick auf den Klimaschutz wiederholt werden.<\/p>\n","protected":false},"excerpt":{"rendered":"<p>Im Sinne der Nachhaltigkeit fand am 2.10.2021 der erste B\u00fccherflohmarkt vor dem Haupteingang des MGJ statt. Neben Sch\u00fclerinnen und deren Eltern verkauften auch viele andere TeilnehmerInnen aus J\u00fclich und Umgebung ihre gut erhaltenen B\u00fccher aller m\u00f6glichen Genres. Neben den B\u00fccher-Verkaufstischen gab es ein weiteres buntes Angebot: Kaffee-Verkauf durch unsere Fairtrade-AG Kuchen-Verkauf durch unseren Q2-Jahrgang Verkaufsstand [&hellip;]<\/p>\n","protected":false},"author":1,"featured_media":274,"comment_status":"open","ping_status":"open","sticky":false,"template":"","format":"standard","meta":{"footnotes":""},"categories":[1],"tags":[],"class_list":["post-273","post","type-post","status-publish","format-standard","has-post-thumbnail","hentry","category-uncategorized"],"_links":{"self":[{"href":"http:\/\/xn--schule-schtzt-schpfung-bic0l.de\/index.php?rest_route=\/wp\/v2\/posts\/273","targetHints":{"allow":["GET"]}}],"collection":[{"href":"http:\/\/xn--schule-schtzt-schpfung-bic0l.de\/index.php?rest_route=\/wp\/v2\/posts"}],"about":[{"href":"http:\/\/xn--schule-schtzt-schpfung-bic0l.de\/index.php?rest_route=\/wp\/v2\/types\/post"}],"author":[{"embeddable":true,"href":"http:\/\/xn--schule-schtzt-schpfung-bic0l.de\/index.php?rest_route=\/wp\/v2\/users\/1"}],"replies":[{"embeddable":true,"href":"http:\/\/xn--schule-schtzt-schpfung-bic0l.de\/index.php?rest_route=%2Fwp%2Fv2%2Fcomments&post=273"}],"version-history":[{"count":1,"href":"http:\/\/xn--schule-schtzt-schpfung-bic0l.de\/index.php?rest_route=\/wp\/v2\/posts\/273\/revisions"}],"predecessor-version":[{"id":275,"href":"http:\/\/xn--schule-schtzt-schpfung-bic0l.de\/index.php?rest_route=\/wp\/v2\/posts\/273\/revisions\/275"}],"wp:featuredmedia":[{"embeddable":true,"href":"http:\/\/xn--schule-schtzt-schpfung-bic0l.de\/index.php?rest_route=\/wp\/v2\/media\/274"}],"wp:attachment":[{"href":"http:\/\/xn--schule-schtzt-schpfung-bic0l.de\/index.php?rest_route=%2Fwp%2Fv2%2Fmedia&parent=273"}],"wp:term":[{"taxonomy":"category","embeddable":true,"href":"http:\/\/xn--schule-schtzt-schpfung-bic0l.de\/index.php?rest_route=%2Fwp%2Fv2%2Fcategories&post=273"},{"taxonomy":"post_tag","embeddable":true,"href":"http:\/\/xn--schule-schtzt-schpfung-bic0l.de\/index.php?rest_route=%2Fwp%2Fv2%2Ftags&post=273"}],"curies":[{"name":"wp","href":"https:\/\/api.w.org\/{rel}","templated":true}]}}