{"id":262,"date":"2021-09-05T14:38:20","date_gmt":"2021-09-05T14:38:20","guid":{"rendered":"http:\/\/xn--schule-schtzt-schpfung-bic0l.de\/?p=262"},"modified":"2021-09-05T14:38:20","modified_gmt":"2021-09-05T14:38:20","slug":"die-schutzengel-aktion","status":"publish","type":"post","link":"http:\/\/xn--schule-schtzt-schpfung-bic0l.de\/?p=262","title":{"rendered":"Die Schutzengel-Aktion"},"content":{"rendered":"\n<p>Vor den Sommerferien&nbsp;\u00fcberlegte&nbsp;sich&nbsp;die Fair-Trade-AG,&nbsp;mit welcher Aktion&nbsp;man die Schulgemeinschaft&nbsp;mal wieder&nbsp;auf fair gehandelte Produkte aufmerksam machen&nbsp;k\u00f6nnte.&nbsp;&nbsp;<\/p>\n\n\n\n<p>Gemeinsam entstand die Idee&nbsp;Schutzengel-Schokoladen&nbsp;mit einem selbstgebastelten Engel zu versehen und diese zum Kauf anzubieten.&nbsp;&nbsp;<\/p>\n\n\n\n<p>Vorher haben wir uns in der Gruppe selbst von dem guten Geschmack der Schokolade \u00fcberzeugen k\u00f6nnen.&nbsp;<\/p>\n\n\n\n<p>In diesen schwierigen Zeiten sollte der Engel auch ein St\u00fcck f\u00fcr Hoffnung&nbsp;auf eine gute Reise, Gesundheit oder \u00e4hnliches&nbsp;stehen. Wir hatten den Gedanken,&nbsp;dass man&nbsp;die Schutzengelschokolade&nbsp;mit diesen W\u00fcnschen&nbsp;kurz vor den&nbsp;Ferien&nbsp;gut&nbsp;verschenken&nbsp;oder&nbsp;auch&nbsp;f\u00fcr&nbsp;sich selbst&nbsp;behalten k\u00f6nnte.&nbsp;&nbsp;<\/p>\n\n\n\n<p>Zun\u00e4chst gab es nur&nbsp;einige&nbsp;Bestellungen, aber&nbsp;die gute Idee sprach sich herum und es wurden&nbsp;insgesamt ca.&nbsp;100 Schokoladen verkauft.&nbsp;<\/p>\n\n\n\n<p>Bei allen,&nbsp;die uns&nbsp;und den Fair-Trade-Gedanken&nbsp;durch ihren Kauf unterst\u00fctzt haben, m\u00f6chten wir uns nochmal herzlich bedanken.&nbsp;&nbsp;<\/p>\n\n\n\n<p>Weitere Ideen der&nbsp;Gruppe sind in Planung. Seid gespannt \u263a!<\/p>\n\n\n\n<p>(Lena Esser f\u00fcr die Fair-Trade-AG)&nbsp;<\/p>\n","protected":false},"excerpt":{"rendered":"<p>Vor den Sommerferien&nbsp;\u00fcberlegte&nbsp;sich&nbsp;die Fair-Trade-AG,&nbsp;mit welcher Aktion&nbsp;man die Schulgemeinschaft&nbsp;mal wieder&nbsp;auf fair gehandelte Produkte aufmerksam machen&nbsp;k\u00f6nnte.&nbsp;&nbsp; Gemeinsam entstand die Idee&nbsp;Schutzengel-Schokoladen&nbsp;mit einem selbstgebastelten Engel zu versehen und diese zum Kauf anzubieten.&nbsp;&nbsp; Vorher haben wir uns in der Gruppe selbst von dem guten Geschmack der Schokolade \u00fcberzeugen k\u00f6nnen.&nbsp; In diesen schwierigen Zeiten sollte der Engel auch ein St\u00fcck f\u00fcr [&hellip;]<\/p>\n","protected":false},"author":1,"featured_media":263,"comment_status":"open","ping_status":"open","sticky":false,"template":"","format":"standard","meta":{"footnotes":""},"categories":[1],"tags":[],"class_list":["post-262","post","type-post","status-publish","format-standard","has-post-thumbnail","hentry","category-uncategorized"],"_links":{"self":[{"href":"http:\/\/xn--schule-schtzt-schpfung-bic0l.de\/index.php?rest_route=\/wp\/v2\/posts\/262","targetHints":{"allow":["GET"]}}],"collection":[{"href":"http:\/\/xn--schule-schtzt-schpfung-bic0l.de\/index.php?rest_route=\/wp\/v2\/posts"}],"about":[{"href":"http:\/\/xn--schule-schtzt-schpfung-bic0l.de\/index.php?rest_route=\/wp\/v2\/types\/post"}],"author":[{"embeddable":true,"href":"http:\/\/xn--schule-schtzt-schpfung-bic0l.de\/index.php?rest_route=\/wp\/v2\/users\/1"}],"replies":[{"embeddable":true,"href":"http:\/\/xn--schule-schtzt-schpfung-bic0l.de\/index.php?rest_route=%2Fwp%2Fv2%2Fcomments&post=262"}],"version-history":[{"count":1,"href":"http:\/\/xn--schule-schtzt-schpfung-bic0l.de\/index.php?rest_route=\/wp\/v2\/posts\/262\/revisions"}],"predecessor-version":[{"id":264,"href":"http:\/\/xn--schule-schtzt-schpfung-bic0l.de\/index.php?rest_route=\/wp\/v2\/posts\/262\/revisions\/264"}],"wp:featuredmedia":[{"embeddable":true,"href":"http:\/\/xn--schule-schtzt-schpfung-bic0l.de\/index.php?rest_route=\/wp\/v2\/media\/263"}],"wp:attachment":[{"href":"http:\/\/xn--schule-schtzt-schpfung-bic0l.de\/index.php?rest_route=%2Fwp%2Fv2%2Fmedia&parent=262"}],"wp:term":[{"taxonomy":"category","embeddable":true,"href":"http:\/\/xn--schule-schtzt-schpfung-bic0l.de\/index.php?rest_route=%2Fwp%2Fv2%2Fcategories&post=262"},{"taxonomy":"post_tag","embeddable":true,"href":"http:\/\/xn--schule-schtzt-schpfung-bic0l.de\/index.php?rest_route=%2Fwp%2Fv2%2Ftags&post=262"}],"curies":[{"name":"wp","href":"https:\/\/api.w.org\/{rel}","templated":true}]}}