{"id":259,"date":"2021-07-04T16:03:10","date_gmt":"2021-07-04T16:03:10","guid":{"rendered":"http:\/\/xn--schule-schtzt-schpfung-bic0l.de\/?p=259"},"modified":"2021-07-04T16:03:10","modified_gmt":"2021-07-04T16:03:10","slug":"erasmus-projekt-2021-klima-und-umwelt","status":"publish","type":"post","link":"http:\/\/xn--schule-schtzt-schpfung-bic0l.de\/?p=259","title":{"rendered":"ERASMUS PROJEKT 2021 \u2013 KLIMA UND UMWELT"},"content":{"rendered":"\n<p>Im Rahmen des Erasmus Projekts zum Thema Klima und Umwelt 2020-21 haben die Sch\u00fclerinnen im MGJ interdisziplin\u00e4r in mehreren Kursen, Physik, Biologie und Kunst zusammen mit unserer Partnerschule La Vall aus Barcelona das Thema Klima und Umwelt behandelt.<\/p>\n\n\n\n<p>Im GK Kunst der Q1 und EF haben die Sch\u00fclerinnen die Pr\u00e4sentationen von Sch\u00fclerinnen anderer Kursen k\u00fcnstlerisch weiterentwickelt.<\/p>\n\n\n\n<p>Die zwei GK Kunst Kurse in der EF haben Plakate zum Thema M\u00fcll und Klimawandel gestaltet und der GK Kunst in der Q1 hat eine Inszenierung eines Museums zum Thema \u201eKunst trifft Wissenschaft\u201c gemacht. Es handelt sich um kleine R\u00e4ume mit Exponaten zum Thema Umwelt und das Entwickeln von neuen Energien. Alle Kartons zusammen sollen das Museum der Wissenschaft darstellen. Die Arbeiten wurden im Foyer der Schule im Untergescho\u00df ausgestellt und digital via Teams den spanischen Sch\u00fclerinnen pr\u00e4sentiert.&nbsp;<\/p>\n\n\n\n<p>Die Bilder h\u00e4ngen nun vor der Cafeteria des MGJ und bieten dem Betrachter die Gelegenheit, sich mit dem Thema auseinanderzusetzen.<\/p>\n\n\n\n<p>Alle Arbeiten, Texte, PPP Pr\u00e4sentationen und Videos k\u00f6nnen digital in der Plattform Twinspace gesehen werden. (Teresa Canovas)<\/p>\n\n\n\n<p><strong>Links zum Projekt:<\/strong><\/p>\n\n\n\n<p>Endergebnis aller Arbeiten (spanische und deutsche Sch\u00fclerinnen):<\/p>\n\n\n\n<p><a href=\"https:\/\/padlet.com\/tcanovas2\/g6nx6arv1ryw32s8\">https:\/\/padlet.com\/tcanovas2\/g6nx6arv1ryw32s8<\/a><\/p>\n\n\n\n<p>Etwinning-Twinspace<\/p>\n\n\n\n<p><a href=\"https:\/\/twinspace.etwinning.net\/107591\/home\">https:\/\/twinspace.etwinning.net\/107591\/home<\/a><\/p>\n\n\n\n<p>YouTube-Videos:<\/p>\n\n\n\n<figure class=\"wp-block-embed is-type-video is-provider-youtube wp-block-embed-youtube wp-embed-aspect-16-9 wp-has-aspect-ratio\"><div class=\"wp-block-embed__wrapper\">\n<iframe loading=\"lazy\" title=\"Kunst trifft Wissenschaft\" width=\"500\" height=\"281\" src=\"https:\/\/www.youtube.com\/embed\/GURx6PQh1Ak?feature=oembed\" frameborder=\"0\" allow=\"accelerometer; autoplay; clipboard-write; encrypted-media; gyroscope; picture-in-picture; web-share\" referrerpolicy=\"strict-origin-when-cross-origin\" allowfullscreen><\/iframe>\n<\/div><\/figure>\n\n\n\n<figure class=\"wp-block-embed is-type-video is-provider-youtube wp-block-embed-youtube wp-embed-aspect-16-9 wp-has-aspect-ratio\"><div class=\"wp-block-embed__wrapper\">\n<iframe loading=\"lazy\" title=\"Klima Ausstellung Juni 2021 GK Kunst MGJ\" width=\"500\" height=\"281\" src=\"https:\/\/www.youtube.com\/embed\/TLIu-QX_b4g?start=23&#038;feature=oembed\" frameborder=\"0\" allow=\"accelerometer; autoplay; clipboard-write; encrypted-media; gyroscope; picture-in-picture; web-share\" referrerpolicy=\"strict-origin-when-cross-origin\" allowfullscreen><\/iframe>\n<\/div><\/figure>\n\n\n\n<figure class=\"wp-block-embed is-type-video is-provider-youtube wp-block-embed-youtube wp-embed-aspect-16-9 wp-has-aspect-ratio\"><div class=\"wp-block-embed__wrapper\">\n<iframe loading=\"lazy\" title=\"Klima + Kunst Erasmus+ 2021 MGJ\" width=\"500\" height=\"281\" src=\"https:\/\/www.youtube.com\/embed\/j14OosaTbJg?start=13&#038;feature=oembed\" frameborder=\"0\" allow=\"accelerometer; autoplay; clipboard-write; encrypted-media; gyroscope; picture-in-picture; web-share\" referrerpolicy=\"strict-origin-when-cross-origin\" allowfullscreen><\/iframe>\n<\/div><\/figure>\n\n\n\n<figure class=\"wp-block-image\"><img decoding=\"async\" src=\"https:\/\/lh6.googleusercontent.com\/-DfEwTtWV1j7IbwvSOYnRjDUOXyZ30Wh0PIyXe4M9bICXDsloUYjWUTlP0hL-1vq143q_RHeWX9y9RX2hw5hc8yfr0rJRS6dHmIILIMiqp6YwcnqOZhPd4x2M2lmEylI0YeFkyI\" alt=\"C:\\Users\\Steffi\\AppData\\Local\\Microsoft\\Windows\\INetCache\\Content.Outlook\\5U20L7BE\\IMG_2590.JPG\"\/><\/figure>\n","protected":false},"excerpt":{"rendered":"<p>Im Rahmen des Erasmus Projekts zum Thema Klima und Umwelt 2020-21 haben die Sch\u00fclerinnen im MGJ interdisziplin\u00e4r in mehreren Kursen, Physik, Biologie und Kunst zusammen mit unserer Partnerschule La Vall aus Barcelona das Thema Klima und Umwelt behandelt. Im GK Kunst der Q1 und EF haben die Sch\u00fclerinnen die Pr\u00e4sentationen von Sch\u00fclerinnen anderer Kursen k\u00fcnstlerisch [&hellip;]<\/p>\n","protected":false},"author":1,"featured_media":260,"comment_status":"open","ping_status":"open","sticky":false,"template":"","format":"standard","meta":{"footnotes":""},"categories":[1],"tags":[],"class_list":["post-259","post","type-post","status-publish","format-standard","has-post-thumbnail","hentry","category-uncategorized"],"_links":{"self":[{"href":"http:\/\/xn--schule-schtzt-schpfung-bic0l.de\/index.php?rest_route=\/wp\/v2\/posts\/259","targetHints":{"allow":["GET"]}}],"collection":[{"href":"http:\/\/xn--schule-schtzt-schpfung-bic0l.de\/index.php?rest_route=\/wp\/v2\/posts"}],"about":[{"href":"http:\/\/xn--schule-schtzt-schpfung-bic0l.de\/index.php?rest_route=\/wp\/v2\/types\/post"}],"author":[{"embeddable":true,"href":"http:\/\/xn--schule-schtzt-schpfung-bic0l.de\/index.php?rest_route=\/wp\/v2\/users\/1"}],"replies":[{"embeddable":true,"href":"http:\/\/xn--schule-schtzt-schpfung-bic0l.de\/index.php?rest_route=%2Fwp%2Fv2%2Fcomments&post=259"}],"version-history":[{"count":1,"href":"http:\/\/xn--schule-schtzt-schpfung-bic0l.de\/index.php?rest_route=\/wp\/v2\/posts\/259\/revisions"}],"predecessor-version":[{"id":261,"href":"http:\/\/xn--schule-schtzt-schpfung-bic0l.de\/index.php?rest_route=\/wp\/v2\/posts\/259\/revisions\/261"}],"wp:featuredmedia":[{"embeddable":true,"href":"http:\/\/xn--schule-schtzt-schpfung-bic0l.de\/index.php?rest_route=\/wp\/v2\/media\/260"}],"wp:attachment":[{"href":"http:\/\/xn--schule-schtzt-schpfung-bic0l.de\/index.php?rest_route=%2Fwp%2Fv2%2Fmedia&parent=259"}],"wp:term":[{"taxonomy":"category","embeddable":true,"href":"http:\/\/xn--schule-schtzt-schpfung-bic0l.de\/index.php?rest_route=%2Fwp%2Fv2%2Fcategories&post=259"},{"taxonomy":"post_tag","embeddable":true,"href":"http:\/\/xn--schule-schtzt-schpfung-bic0l.de\/index.php?rest_route=%2Fwp%2Fv2%2Ftags&post=259"}],"curies":[{"name":"wp","href":"https:\/\/api.w.org\/{rel}","templated":true}]}}