{"id":251,"date":"2021-04-22T08:24:36","date_gmt":"2021-04-22T08:24:36","guid":{"rendered":"http:\/\/xn--schule-schtzt-schpfung-bic0l.de\/?p=251"},"modified":"2021-04-22T08:24:36","modified_gmt":"2021-04-22T08:24:36","slug":"die-klasse-6a-des-mgj-nimmt-am-bundesumweltwettbewerb-buw-teil","status":"publish","type":"post","link":"http:\/\/xn--schule-schtzt-schpfung-bic0l.de\/?p=251","title":{"rendered":"Die Klasse 6a des MGJ nimmt am BundesUmweltWettbewerb (BUW) teil"},"content":{"rendered":"\n<p><strong><em>(* Bild von Kati Schraeger am Kirchberger Baggerseeaufgenommen)<\/em><\/strong><\/p>\n\n\n\n<p><strong><em>Der Leitfaden<\/em><\/strong><\/p>\n\n\n\n<p>Wir sind neun Sch\u00fclerinnen aus der Klasse 6a und nehmen zusammen mit unserer Klasse am BundesUmweltWettbewerb (BUW) teil. Um da aber mitzumachen braucht man auch gute Ideen f\u00fcr die Projekte.<\/p>\n\n\n\n<p>In einer Klassenkonferenz mit unserer Lehrerin Frau Philippen, haben wir also als erstes Projekte f\u00fcr das Klima, die Umwelt\/Natur besprochen. Dieses war uns allen sehr wichtig, da unsere Umwelt immer mehr w\u00e4chst, nur nicht gut, sondern schlecht. Damit ist gemeint, dass so viel M\u00fcll in Fl\u00fcssen, B\u00e4chen, auf den Stra\u00dfen, auf der Wiese\u2026 liegt, aber nicht da, wo es hingeh\u00f6rt, n\u00e4mlich in den M\u00fclleimer. Nun haben wir uns entschieden und vier kleine Untergruppen mit den hier genannten Themen gebildet:<\/p>\n\n\n\n<p>Gruppe 1:,,Richtig einkaufen\u2018\u2018&nbsp;<\/p>\n\n\n\n<p>Gruppe 2:,,Plastik und Papier richtig verwerten\u2018\u2018<\/p>\n\n\n\n<p>Gruppe 3:,,Plastik in der Umwelt\u2018\u2018 und unsere&nbsp;<\/p>\n\n\n\n<p>&nbsp;Gruppe 4:,,Verbreitung der Informationen\u2018\u2018.<\/p>\n\n\n\n<p>Dolores, Lorena, Kati, Hayrunnisa, Dilara, Mia, Lena, Lia und Teresa haben sich f\u00fcr das Thema ,,Verbreitung der Informationen\u2018\u2018 entschieden.<\/p>\n\n\n\n<p>Und so sind wir vorgegangen:<\/p>\n\n\n\n<p>Als erstes haben wir in der Gruppe, um Chaos zu vermeiden, einen Gruppenkapit\u00e4n-Sprecher gew\u00e4hlt. Danach fing es richtig an. Wir haben erst einmal ein Whiteboard mit unseren tollen Ideen erstellt und dazu geh\u00f6rt nat\u00fcrlich auch die Umsetzung.&nbsp;<\/p>\n\n\n\n<p>Nat\u00fcrlich konnten wir nicht alle Ideen benutzen, so haben wir uns f\u00fcr drei Themen entschieden, die f\u00fcr uns sehr wichtig waren: Flyer erstellen und verteilen, Soziale Medien und einen Zeitungsartikel. Aber erst einmal, mussten wir daran arbeiten und Prototypen erstellen. Das war so:&nbsp;<\/p>\n\n\n\n<p>Wir haben kleine Untergruppen gebildet und dort diskutiert, Skizzen gemacht und die Gruppensprecherin ist immer wieder zu uns gekommen, hat uns geholfen und ein paar Notizen gemacht. In den kleinen Gruppen konnten wir viel lernen und haben alles gemeinsam gemacht. Zum Gl\u00fcck hatten wir keinen Streit, aber nat\u00fcrlich verschiedene Meinungen. Uns allen hat es sehr viel Spa\u00df gemacht mit unseren Mitsch\u00fclerinnen zu arbeiten und ein kleines Projekt, was Gro\u00dfes bewirken kann aufzustellen. Gemeinsam in der gro\u00dfen Gruppe, haben wir den Flyer entworfen und besprochen, die Texte \u00fcberarbeitet und \u00fcberlegt, wie es weiter geht. Als dann die Stunde zu Ende war, haben wir manchmal noch als kleine Hausaufgabe uns mehr dar\u00fcber informiert\u2026<strong>.<\/strong> Zur n\u00e4chsten Stunde gab es noch eine kleine Motivation, um weiterhin Spa\u00df und mehr zu haben. Nun war das, das wir erarbeitet haben fertig.&nbsp;<\/p>\n\n\n\n<p>Zum Verbreiten der Infos haben wir geplant wie folgt vorzugehen:<\/p>\n\n\n\n<p>Die Flyer in der Nachbarschaft, in der Schule, in Superm\u00e4rkten verteilen (und ein paar dort lassen) \u2026<\/p>\n\n\n\n<p>Einen Zeitungsartikel schreiben (da sind wir noch in Verbindung mit Lehrern).<\/p>\n\n\n\n<p>Infos auf Social Media z.B. in unser MGJ Team und vielleicht auf die MGJ Homepage.<\/p>\n\n\n\n<p>Mit unserem Projekt haben wir sehr viel herausgefunden :<\/p>\n\n\n\n<ul class=\"wp-block-list\"><li>Wir k\u00f6nnen alles <strong>zusammen <\/strong>schaffen&nbsp;<\/li><li>die Natur braucht <strong>unsere <\/strong>Hilfe&nbsp;<\/li><li>\u00fcberall liegt viel M\u00fcll herum<\/li><li>M\u00fcll wird nicht richtig getrennt&nbsp;<\/li><li>die Weltmeere werden verschmutzt, weil wir unseren M\u00fcll \u00fcberall hinschmei\u00dfen<\/li><\/ul>\n\n\n\n<p>In Zukunft werden wir alle darauf achten nicht so viel Plastik zu verwenden, nichts auf die Stra\u00dfe zu werfen, Leute anzusprechen und auf die Folgen hinzuweisen und nat\u00fcrlich Informationen (Flyer, Zeitungsartikel und Social Media) in die Welt zu setzen.<\/p>\n\n\n\n<p>Im Team und ZUSAMMEN k\u00f6nnen wir ganz viel in Bewegung bringen!<\/p>\n\n\n\n<p>Zum Schluss wollen wir sagen, dass wir ganz viel Spa\u00df hatten und ein gro\u00dfes DANKE an unsere Lehrerin Frau Philippen, dass Sie das mit uns gemacht haben!<\/p>\n\n\n\n<p>Und hier nun einige Ergebnisse:<\/p>\n\n\n\n<p><strong>Projektplanung (Whiteboard)<\/strong><\/p>\n\n\n\n<figure class=\"wp-block-image\"><img decoding=\"async\" src=\"https:\/\/lh5.googleusercontent.com\/bDewAkt866zQHfvvzpCKFJAlTzPZqGMoUF6SoVHBR0u8LLOXB1enTYYvn56xxAqeh7ZI6sVdQsl3L-0FTG6A62R8aHvHOVbrnfHtyPOnDNxtkyzog_vR98KkmPIJVkQqoLvlBhU\" alt=\"\"\/><\/figure>\n\n\n\n<p>Hier ist der fertige Artikel f\u00fcr die Sozialen Medien von Lena Esser und Lorena Preiskowski.<\/p>\n\n\n\n<figure class=\"wp-block-image\"><img decoding=\"async\" src=\"https:\/\/lh3.googleusercontent.com\/jwr9daaYcIVLtvTYf1RKtdRBOp1Kzvng-NY1SLrrsNJSEdTmm_D08RxM2OCIh9r9_NvegGe8Tp-wsIsys6UzWGJnxZ37aAQrXkdkcCR_8RiPiIjmMJWzVP5AWySTrL73tO_A7b4\" alt=\"\"\/><\/figure>\n\n\n\n<p>Hier ist der ausgesuchte Flyer von Dolores Dilber, Hayrunnisa Bayrak, Mia Deumont und Dilara Jawich.<\/p>\n\n\n\n<figure class=\"wp-block-image\"><img decoding=\"async\" src=\"https:\/\/lh4.googleusercontent.com\/ap1df6ef8BKNq-_FWOMQHPL3uTywZoLH4nabN7a-9-7qOxGCTLAzwUAb9gDVBUayMi2CrTx442MEqvQIlVkZ-vBcnCerz53r1wev2bT_QBbNRrzD269I8MNlmpX9jn9ce1GhhMg\" alt=\"\"\/><\/figure>\n\n\n\n<p>Nun noch der Zeitungsartikel von Lia Ollenberg, Kati Schraeger und Teresa van der Boeken.<\/p>\n\n\n\n<figure class=\"wp-block-image\"><img decoding=\"async\" src=\"https:\/\/lh6.googleusercontent.com\/JOSBt8Zo86_XtYVjJrarPyHg18el_M2FnBdl7KrAIJ3fVH2o8Av4SIVHP3J5672YPgw1JTLOm16FHCh339C5q_IKX-IUFITTgL-c3Sc1pPYqZKGYgrrZGnmBjVoODocc4rrORdI\" alt=\"\"\/><\/figure>\n","protected":false},"excerpt":{"rendered":"<p>(* Bild von Kati Schraeger am Kirchberger Baggerseeaufgenommen) Der Leitfaden Wir sind neun Sch\u00fclerinnen aus der Klasse 6a und nehmen zusammen mit unserer Klasse am BundesUmweltWettbewerb (BUW) teil. Um da aber mitzumachen braucht man auch gute Ideen f\u00fcr die Projekte. In einer Klassenkonferenz mit unserer Lehrerin Frau Philippen, haben wir also als erstes Projekte f\u00fcr [&hellip;]<\/p>\n","protected":false},"author":1,"featured_media":252,"comment_status":"open","ping_status":"open","sticky":false,"template":"","format":"standard","meta":{"footnotes":""},"categories":[1],"tags":[],"class_list":["post-251","post","type-post","status-publish","format-standard","has-post-thumbnail","hentry","category-uncategorized"],"_links":{"self":[{"href":"http:\/\/xn--schule-schtzt-schpfung-bic0l.de\/index.php?rest_route=\/wp\/v2\/posts\/251","targetHints":{"allow":["GET"]}}],"collection":[{"href":"http:\/\/xn--schule-schtzt-schpfung-bic0l.de\/index.php?rest_route=\/wp\/v2\/posts"}],"about":[{"href":"http:\/\/xn--schule-schtzt-schpfung-bic0l.de\/index.php?rest_route=\/wp\/v2\/types\/post"}],"author":[{"embeddable":true,"href":"http:\/\/xn--schule-schtzt-schpfung-bic0l.de\/index.php?rest_route=\/wp\/v2\/users\/1"}],"replies":[{"embeddable":true,"href":"http:\/\/xn--schule-schtzt-schpfung-bic0l.de\/index.php?rest_route=%2Fwp%2Fv2%2Fcomments&post=251"}],"version-history":[{"count":1,"href":"http:\/\/xn--schule-schtzt-schpfung-bic0l.de\/index.php?rest_route=\/wp\/v2\/posts\/251\/revisions"}],"predecessor-version":[{"id":253,"href":"http:\/\/xn--schule-schtzt-schpfung-bic0l.de\/index.php?rest_route=\/wp\/v2\/posts\/251\/revisions\/253"}],"wp:featuredmedia":[{"embeddable":true,"href":"http:\/\/xn--schule-schtzt-schpfung-bic0l.de\/index.php?rest_route=\/wp\/v2\/media\/252"}],"wp:attachment":[{"href":"http:\/\/xn--schule-schtzt-schpfung-bic0l.de\/index.php?rest_route=%2Fwp%2Fv2%2Fmedia&parent=251"}],"wp:term":[{"taxonomy":"category","embeddable":true,"href":"http:\/\/xn--schule-schtzt-schpfung-bic0l.de\/index.php?rest_route=%2Fwp%2Fv2%2Fcategories&post=251"},{"taxonomy":"post_tag","embeddable":true,"href":"http:\/\/xn--schule-schtzt-schpfung-bic0l.de\/index.php?rest_route=%2Fwp%2Fv2%2Ftags&post=251"}],"curies":[{"name":"wp","href":"https:\/\/api.w.org\/{rel}","templated":true}]}}