{"id":245,"date":"2021-04-11T15:59:14","date_gmt":"2021-04-11T15:59:14","guid":{"rendered":"http:\/\/xn--schule-schtzt-schpfung-bic0l.de\/?p=245"},"modified":"2021-04-11T15:59:14","modified_gmt":"2021-04-11T15:59:14","slug":"patronatstag-light-und-digital-fair-trade-was-steckt-hinter-dem-siegel","status":"publish","type":"post","link":"http:\/\/xn--schule-schtzt-schpfung-bic0l.de\/?p=245","title":{"rendered":"Patronatstag light und digital \u2013 \u201eFair-Trade \u2013 was steckt hinter dem Siegel\u201c"},"content":{"rendered":"\n<p>Als katholische Schule feiern wir unseren Patron, den Heiligen Josef, jedes Jahr am 18.3. entweder mit einem Ausflug der ganzen Schulen oder mit einem Projekttag vor Ort. Nat\u00fcrlich geh\u00f6rt an diesem besonderen Tag auch eine Heilige Messe zum Programm.<\/p>\n\n\n\n<p>\u201eSchule sch\u00fctzt Sch\u00f6pfung\u201c \u2013 unter diesem Motto sollte schon der Gedenktag des Hl. Josef im M\u00e4rz 2020 stehen. Geplant waren zahlreiche Workshops zum Thema Natur- und Tierschutz, Nachhaltigkeit und Achtsamkeit. Leider kam es ja dann am 13.3.20 zur ersten Schulschlie\u00dfung wegen des Corona-Virus, so dass unser Vorhaben verschoben wurde. Es konnte ja keiner ahnen, dass die Planung auch im M\u00e4rz 2021 nicht umgesetzt werden k\u00f6nnte\u2026<\/p>\n\n\n\n<p>Trotz weiterer Corona-Einschr\u00e4nkungen konnten wir in diesem Jahr aber mit Hilfe eines Angebots der \u201eMultivision, Stiftung Umwelt und Entwicklung Nordrhein-Westfalen\u201c&nbsp; wenigstens einen digitalen Patronatstag \u201elight\u201c f\u00fcr eine Jahrgangsstufe durchf\u00fchren.<\/p>\n\n\n\n<p>Er startete mit einem Impuls in den Tag durch unseren Schulseelsorger Dr. Andreas Kuhlmann f\u00fcr alle Sch\u00fclerinnen \u2013 per Beamer \u00fcbertragen in alle Klassenr\u00e4ume.&nbsp;<\/p>\n\n\n\n<p>Danach hatte die komplette Jahrgangsstufe 8, trotz Wechselunterrichts, die Chance, an einem interaktiven Workshop zum Thema \u201eFair-Trade \u2013 was steckt hinter dem Siegel?\u201c teilzunehmen.&nbsp;<\/p>\n\n\n\n<p>W\u00e4hrend die eine Klassenh\u00e4lfte den Workshop \u00fcber digitale Endger\u00e4te zu Hause verfolgte, konnte die andere Klassenh\u00e4lfte \u2013 dank der neuen IPad-Koffer im MGJ &#8211; vor Ort in der Schule teilnehmen, w\u00e4hrend der Referent in seinem Homeoffice in Bad-Honnef sa\u00df.<\/p>\n\n\n\n<p>So erfuhren die Sch\u00fclerinnen, woher ihre aktuelle Kleidung kommt und unter welchen, oft menschenverachtenden Umst\u00e4nden sie hergestellt werden. Gleichzeitig wurden ihnen aber auch alternative Angebote und Bem\u00fchungen, das Leben z.B. der N\u00e4herinnen zu verbessern, aufgezeigt, so dass der eigene Konsum nun hinterfragt werden kann.<\/p>\n","protected":false},"excerpt":{"rendered":"<p>Als katholische Schule feiern wir unseren Patron, den Heiligen Josef, jedes Jahr am 18.3. entweder mit einem Ausflug der ganzen Schulen oder mit einem Projekttag vor Ort. Nat\u00fcrlich geh\u00f6rt an diesem besonderen Tag auch eine Heilige Messe zum Programm. \u201eSchule sch\u00fctzt Sch\u00f6pfung\u201c \u2013 unter diesem Motto sollte schon der Gedenktag des Hl. Josef im M\u00e4rz [&hellip;]<\/p>\n","protected":false},"author":1,"featured_media":246,"comment_status":"open","ping_status":"open","sticky":false,"template":"","format":"standard","meta":{"footnotes":""},"categories":[1],"tags":[],"class_list":["post-245","post","type-post","status-publish","format-standard","has-post-thumbnail","hentry","category-uncategorized"],"_links":{"self":[{"href":"http:\/\/xn--schule-schtzt-schpfung-bic0l.de\/index.php?rest_route=\/wp\/v2\/posts\/245","targetHints":{"allow":["GET"]}}],"collection":[{"href":"http:\/\/xn--schule-schtzt-schpfung-bic0l.de\/index.php?rest_route=\/wp\/v2\/posts"}],"about":[{"href":"http:\/\/xn--schule-schtzt-schpfung-bic0l.de\/index.php?rest_route=\/wp\/v2\/types\/post"}],"author":[{"embeddable":true,"href":"http:\/\/xn--schule-schtzt-schpfung-bic0l.de\/index.php?rest_route=\/wp\/v2\/users\/1"}],"replies":[{"embeddable":true,"href":"http:\/\/xn--schule-schtzt-schpfung-bic0l.de\/index.php?rest_route=%2Fwp%2Fv2%2Fcomments&post=245"}],"version-history":[{"count":1,"href":"http:\/\/xn--schule-schtzt-schpfung-bic0l.de\/index.php?rest_route=\/wp\/v2\/posts\/245\/revisions"}],"predecessor-version":[{"id":247,"href":"http:\/\/xn--schule-schtzt-schpfung-bic0l.de\/index.php?rest_route=\/wp\/v2\/posts\/245\/revisions\/247"}],"wp:featuredmedia":[{"embeddable":true,"href":"http:\/\/xn--schule-schtzt-schpfung-bic0l.de\/index.php?rest_route=\/wp\/v2\/media\/246"}],"wp:attachment":[{"href":"http:\/\/xn--schule-schtzt-schpfung-bic0l.de\/index.php?rest_route=%2Fwp%2Fv2%2Fmedia&parent=245"}],"wp:term":[{"taxonomy":"category","embeddable":true,"href":"http:\/\/xn--schule-schtzt-schpfung-bic0l.de\/index.php?rest_route=%2Fwp%2Fv2%2Fcategories&post=245"},{"taxonomy":"post_tag","embeddable":true,"href":"http:\/\/xn--schule-schtzt-schpfung-bic0l.de\/index.php?rest_route=%2Fwp%2Fv2%2Ftags&post=245"}],"curies":[{"name":"wp","href":"https:\/\/api.w.org\/{rel}","templated":true}]}}