{"id":227,"date":"2021-03-19T09:46:29","date_gmt":"2021-03-19T09:46:29","guid":{"rendered":"http:\/\/xn--schule-schtzt-schpfung-bic0l.de\/?p=227"},"modified":"2021-03-19T09:46:29","modified_gmt":"2021-03-19T09:46:29","slug":"teilnahme-an-den-umfragen-des-projektkurses-biooekonomie-sie-und-ihr-seid-gefragt","status":"publish","type":"post","link":"http:\/\/xn--schule-schtzt-schpfung-bic0l.de\/?p=227","title":{"rendered":"Teilnahme an den Umfragen des Projektkurses \u201eBio\u00f6konomie\u201c \u2013 Sie und ihr seid gefragt!"},"content":{"rendered":"\n<p><\/p>\n\n\n\n<p>Der Projektkurs \u201eBio\u00f6konomie\u201c hat sich in der letzten Zeit mit Themen wie \u201eTagebau Hambach\u201c, \u201eTagebau Inden\u201c und \u201eIn-vitro-Fleisch\u201c besch\u00e4ftigt. Dazu hat sich der Projektkurs gr\u00f6\u00dftenteils \u00fcber Videokonferenzen mit Wissenschaftlerinnen des Forschungszentrums J\u00fclich getroffen und mit deren Hilfe zu jedem Thema eine Umfrage entwickelt.<\/p>\n\n\n\n<p>Der Projektkurs ist gespannt auf Ihre Meinung zu den Themen und w\u00fcrde sich daher \u00fcber eine Teilnahme an den drei Umfragen sehr freuen. Sie finden eine genaue Beschreibung und Planung der einzelnen Umfragen auf der ersten Seite jeder Umfrage.<\/p>\n\n\n\n<p>Unter folgenden Links k\u00f6nnen Sie an den jeweiligen Umfragen teilnehmen: <a href=\"https:\/\/docs.google.com\/forms\/d\/e\/1FAIpQLSeVS9WWEPD6gGZp0HhjOrywFet86YS5W2R87mhmwP7liqfvXg\/viewform?usp=sf_link\">Tagebau Inden<\/a>, <a href=\"https:\/\/docs.google.com\/forms\/d\/e\/1FAIpQLSdVxGO4EGOYOImqzpmyjWhOiOAGnCk_iKeO1i19vWbJ_ov-mg\/viewform\">Tagebau Hambach<\/a> und <a href=\"https:\/\/forms.gle\/nE6ZsdqjyERYSKgE9\">In-Vitro Fleisch<\/a>.<\/p>\n\n\n\n<p>Wir sind gespannt auf die Ergebnisse!Der <a href=\"https:\/\/www.biooekonomierevier.de\/projektkurs\">Projektkurs \u201eBio\u00f6konomie\u201d<\/a> ist eine Kooperation der Initiative Bio\u00f6konomieREVIER Rheinland am Institut f\u00fcr Pflanzenwissenschaften und des Sch\u00fclerlabors JuLab des Forschungszentrums in J\u00fclich. Er ist Teil des Projektes \u201eJugend gestaltet den Strukturwandel\u201c des zdi-Zentrums ANTalive, das sich f\u00fcr die F\u00f6rderung des naturwissenschaftlichen und technischen Nachwuchses engagiert. Das Projekt wird im Rahmen des Bundesmodellvorhabens \u201eUnternehmen Revier\u201c vom Bundesministerium f\u00fcr Wirtschaft und Energie gef\u00f6rdert.<\/p>\n","protected":false},"excerpt":{"rendered":"<p>Der Projektkurs \u201eBio\u00f6konomie\u201c hat sich in der letzten Zeit mit Themen wie \u201eTagebau Hambach\u201c, \u201eTagebau Inden\u201c und \u201eIn-vitro-Fleisch\u201c besch\u00e4ftigt. Dazu hat sich der Projektkurs gr\u00f6\u00dftenteils \u00fcber Videokonferenzen mit Wissenschaftlerinnen des Forschungszentrums J\u00fclich getroffen und mit deren Hilfe zu jedem Thema eine Umfrage entwickelt. Der Projektkurs ist gespannt auf Ihre Meinung zu den Themen und w\u00fcrde [&hellip;]<\/p>\n","protected":false},"author":1,"featured_media":0,"comment_status":"open","ping_status":"open","sticky":false,"template":"","format":"standard","meta":{"footnotes":""},"categories":[1],"tags":[],"class_list":["post-227","post","type-post","status-publish","format-standard","hentry","category-uncategorized"],"_links":{"self":[{"href":"http:\/\/xn--schule-schtzt-schpfung-bic0l.de\/index.php?rest_route=\/wp\/v2\/posts\/227","targetHints":{"allow":["GET"]}}],"collection":[{"href":"http:\/\/xn--schule-schtzt-schpfung-bic0l.de\/index.php?rest_route=\/wp\/v2\/posts"}],"about":[{"href":"http:\/\/xn--schule-schtzt-schpfung-bic0l.de\/index.php?rest_route=\/wp\/v2\/types\/post"}],"author":[{"embeddable":true,"href":"http:\/\/xn--schule-schtzt-schpfung-bic0l.de\/index.php?rest_route=\/wp\/v2\/users\/1"}],"replies":[{"embeddable":true,"href":"http:\/\/xn--schule-schtzt-schpfung-bic0l.de\/index.php?rest_route=%2Fwp%2Fv2%2Fcomments&post=227"}],"version-history":[{"count":1,"href":"http:\/\/xn--schule-schtzt-schpfung-bic0l.de\/index.php?rest_route=\/wp\/v2\/posts\/227\/revisions"}],"predecessor-version":[{"id":228,"href":"http:\/\/xn--schule-schtzt-schpfung-bic0l.de\/index.php?rest_route=\/wp\/v2\/posts\/227\/revisions\/228"}],"wp:attachment":[{"href":"http:\/\/xn--schule-schtzt-schpfung-bic0l.de\/index.php?rest_route=%2Fwp%2Fv2%2Fmedia&parent=227"}],"wp:term":[{"taxonomy":"category","embeddable":true,"href":"http:\/\/xn--schule-schtzt-schpfung-bic0l.de\/index.php?rest_route=%2Fwp%2Fv2%2Fcategories&post=227"},{"taxonomy":"post_tag","embeddable":true,"href":"http:\/\/xn--schule-schtzt-schpfung-bic0l.de\/index.php?rest_route=%2Fwp%2Fv2%2Ftags&post=227"}],"curies":[{"name":"wp","href":"https:\/\/api.w.org\/{rel}","templated":true}]}}